{"id":4419,"date":"2024-04-02T11:26:53","date_gmt":"2024-04-02T16:26:53","guid":{"rendered":"https:\/\/manosvisibles.org\/?p=4419"},"modified":"2024-04-05T15:28:28","modified_gmt":"2024-04-05T20:28:28","slug":"paula-moreno-llega-al-skoll-world-forum","status":"publish","type":"post","link":"https:\/\/manosvisibles.org\/pt\/noticias\/paula-moreno-llega-al-skoll-world-forum\/","title":{"rendered":"Paula Moreno llega al Skoll World Forum"},"content":{"rendered":"<p>Del 9 al 12 de abril,\u00a0 nuestra presidente har\u00e1 parte de Skoll World Forum, uno de los eventos m\u00e1s destacados a nivel mundial para escuchar a l\u00edderes globales y solucionadores de problemas.<\/p>\n\n\n\n<div style=\"height:30px\" aria-hidden=\"true\" class=\"wp-block-spacer\"><\/div>\n\n\n\n<div class=\"wp-block-buttons is-content-justification-center is-layout-flex wp-container-core-buttons-is-layout-16018d1d wp-block-buttons-is-layout-flex\">\n<div class=\"wp-block-button\"><a class=\"wp-block-button__link has-background wp-element-button\" href=\"https:\/\/t.co\/qxQgDz3l8g\" style=\"background-color:#09cbff\" target=\"_blank\" rel=\"noreferrer noopener\"><strong>\u00danete al evento<\/strong><\/a><\/div>\n<\/div>","protected":false},"excerpt":{"rendered":"<p>Del 9 al 12 de abril,\u00a0 nuestra presidente har\u00e1 parte de Skoll World Forum, uno de los eventos m\u00e1s destacados a nivel mundial para escuchar a l\u00edderes globales y solucionadores de problemas.<\/p>","protected":false},"author":1,"featured_media":4448,"comment_status":"open","ping_status":"open","sticky":false,"template":"","format":"standard","meta":{"_acf_changed":false,"_et_pb_use_builder":"","_et_pb_old_content":"","_et_gb_content_width":"","inline_featured_image":false,"footnotes":""},"categories":[48],"tags":[52],"class_list":["post-4419","post","type-post","status-publish","format-standard","has-post-thumbnail","hentry","category-noticias","tag-noticias-columna"],"acf":[],"_links":{"self":[{"href":"https:\/\/manosvisibles.org\/pt\/wp-json\/wp\/v2\/posts\/4419","targetHints":{"allow":["GET"]}}],"collection":[{"href":"https:\/\/manosvisibles.org\/pt\/wp-json\/wp\/v2\/posts"}],"about":[{"href":"https:\/\/manosvisibles.org\/pt\/wp-json\/wp\/v2\/types\/post"}],"author":[{"embeddable":true,"href":"https:\/\/manosvisibles.org\/pt\/wp-json\/wp\/v2\/users\/1"}],"replies":[{"embeddable":true,"href":"https:\/\/manosvisibles.org\/pt\/wp-json\/wp\/v2\/comments?post=4419"}],"version-history":[{"count":4,"href":"https:\/\/manosvisibles.org\/pt\/wp-json\/wp\/v2\/posts\/4419\/revisions"}],"predecessor-version":[{"id":4859,"href":"https:\/\/manosvisibles.org\/pt\/wp-json\/wp\/v2\/posts\/4419\/revisions\/4859"}],"wp:featuredmedia":[{"embeddable":true,"href":"https:\/\/manosvisibles.org\/pt\/wp-json\/wp\/v2\/media\/4448"}],"wp:attachment":[{"href":"https:\/\/manosvisibles.org\/pt\/wp-json\/wp\/v2\/media?parent=4419"}],"wp:term":[{"taxonomy":"category","embeddable":true,"href":"https:\/\/manosvisibles.org\/pt\/wp-json\/wp\/v2\/categories?post=4419"},{"taxonomy":"post_tag","embeddable":true,"href":"https:\/\/manosvisibles.org\/pt\/wp-json\/wp\/v2\/tags?post=4419"}],"curies":[{"name":"wp","href":"https:\/\/api.w.org\/{rel}","templated":true}]}}