{"id":3125,"date":"2023-11-22T15:52:27","date_gmt":"2023-11-22T20:52:27","guid":{"rendered":"https:\/\/manosvisibles.org\/?p=3125"},"modified":"2023-11-22T15:52:42","modified_gmt":"2023-11-22T20:52:42","slug":"mujeres-del-alma-mia","status":"publish","type":"post","link":"https:\/\/manosvisibles.org\/pt\/blog\/mujeres-del-alma-mia\/","title":{"rendered":"Mujeres del alma m\u00eda"},"content":{"rendered":"<p>\u201cLas conexiones entre mujeres son las m\u00e1s temidas, las <br>m\u00e1s problem\u00e1ticas y la fuerza potencialmente m\u00e1s <br>transformadora del planeta.\u201d<br>Adrienne Rich<\/p>\n\n\n\n<p>Una lectura que hemos disfrutado como si hubi\u00e9ramos tenido una tarde de caf\u00e9 y tertulia con Isabel Allende. Aunque no es otra de sus novelas, conserva su estilo sencillo y fluido a la hora de escribir. Como lo expresamos en nuestra presentaci\u00f3n, es un libro donde la feminidad y el feminismo son los protagonistas, atravesando por variados temas que consideramos siempre vigentes. En esta columna, pretendemos dedicarnos a la importancia de los c\u00edrculos de mujeres, de las redes de colaboraci\u00f3n entre nosotras, entre mujeres que hagan parte de diferentes culturas, que hayan vivido historias diversas, mujeres que por el solo hecho de serlo ya tienen al menos, un elemento en com\u00fan.<\/p>\n\n\n\n<p>Isabel se refiere en varios apartes a la importancia de la solidaridad entre nosotras, la necesidad de apoyarnos en procesos de aprendizaje para fortalecer el amor propio, el conocimiento, respeto y control de nuestros cuerpos, as\u00ed como la independencia econ\u00f3mica, todas, circunstancias que influir\u00e1n a la hora de disminuir el n\u00famero de v\u00edctimas de toda clase de violencias.<\/p>\n\n\n\n<p>Quiz\u00e1s no todas lo hayan vivido, pero hace muchos a\u00f1os, desde el colegio que era solo para \u201cse\u00f1oritas\u201d casi siempre liderados por comunidades religiosas, se nos ense\u00f1aba a competir, a llegar al primer puesto, a ser la mejor, la m\u00e1s educada, la m\u00e1s bonita, la que mejor tejiera el ajuar para sus hijos y planchar las camisas de sus maridos. Una de nosotras record\u00f3 de manera especial una de sus clases de comportamiento y salud cuando estaba en sexto grado de hoy, primero de bachillerato de antes: la profesora Leticia con absoluto convencimiento le ense\u00f1aba a sus treinta y dos alumnas, c\u00f3mo colgar la ropa interior luego de lavarla para que el marido nunca la viera y les recomendaba no dedicarse al acicalamiento personal delante de ellos. \u00bfQu\u00e9 pensar\u00e1 hoy la profesora Leticia, si a\u00fan vive, sobre las din\u00e1micas en pareja?&nbsp;<\/p>\n\n\n\n<p>Esas mujeres podr\u00edan decirnos hoy: \u00bfc\u00edrculo de mujeres? \u00bfmujeres amigas? No hay nada peor que trabajar entre mujeres, somos competitivas, envidiosas, en fin. Y a todas podr\u00edamos dejarlas calladas al compartirles experiencias como la de la Fundaci\u00f3n Isabel Allende y otras muchas. Hemos aprendido que juntas somos m\u00e1s fuertes, redescubrimos la potencia de una conversaci\u00f3n entre nosotras. La literatura femenina: mujeres que escriben sobre la historia, la vida, su vida y otras mujeres, nos hace redirigir la mirada hacia mundos posibles, sentir que no estamos solas, que hay m\u00e1s como nosotras que quieren sentir su fuerza, dejarla salir, expandirse y dar lo mejor de s\u00ed. Hemos descubierto que la \u201csororidad\u201d va mucho m\u00e1s all\u00e1 de una palabra, que en los tejidos sociales la mujer puede tener siempre un papel protag\u00f3nico, que es hora de hacernos ver, escuchar, sentir.<\/p>\n\n\n\n<p>Ahora, lo anterior que suena tan bonito, tambi\u00e9n est\u00e1 cargado de dificultades, obst\u00e1culos; no todas las mujeres querr\u00e1n salir de sus zonas de comodidad, muchas juzgan, acusan, atacan y ello es respetable. Lo mejor del descubrir el poder de los c\u00edrculos de mujeres para conversar, escribir, leer, tejer, trabajar, maternar, aprender, bailar, cantar, re\u00edr y todos lo verbos que queramos incluir, es, a nuestro parecer, ese respetar la individualidad de cada una y a partir de ah\u00ed, construir la otredad, esa identidad que nos cobija y puede ser, nos protege de nuestras propias inseguridades para continuar el camino hacia las conquistas propias y comunitarias que hoy so\u00f1amos y por las que justamente, hacemos parte de espacios como la Biblioteca Ven\u00ed las leo.<\/p>","protected":false},"excerpt":{"rendered":"<p>\u201cLas conexiones entre mujeres son las m\u00e1s temidas, las m\u00e1s problem\u00e1ticas y la fuerza potencialmente m\u00e1s transformadora del planeta.\u201dAdrienne Rich Una lectura que hemos disfrutado como si hubi\u00e9ramos tenido una tarde de caf\u00e9 y tertulia con Isabel Allende. Aunque no es otra de sus novelas, conserva su estilo sencillo y fluido a la hora de [&hellip;]<\/p>\n","protected":false},"author":1,"featured_media":3126,"comment_status":"open","ping_status":"open","sticky":false,"template":"","format":"standard","meta":{"_acf_changed":false,"_et_pb_use_builder":"","_et_pb_old_content":"","_et_gb_content_width":"","inline_featured_image":false,"footnotes":""},"categories":[5],"tags":[],"class_list":["post-3125","post","type-post","status-publish","format-standard","has-post-thumbnail","hentry","category-blog"],"acf":[],"_links":{"self":[{"href":"https:\/\/manosvisibles.org\/pt\/wp-json\/wp\/v2\/posts\/3125","targetHints":{"allow":["GET"]}}],"collection":[{"href":"https:\/\/manosvisibles.org\/pt\/wp-json\/wp\/v2\/posts"}],"about":[{"href":"https:\/\/manosvisibles.org\/pt\/wp-json\/wp\/v2\/types\/post"}],"author":[{"embeddable":true,"href":"https:\/\/manosvisibles.org\/pt\/wp-json\/wp\/v2\/users\/1"}],"replies":[{"embeddable":true,"href":"https:\/\/manosvisibles.org\/pt\/wp-json\/wp\/v2\/comments?post=3125"}],"version-history":[{"count":3,"href":"https:\/\/manosvisibles.org\/pt\/wp-json\/wp\/v2\/posts\/3125\/revisions"}],"predecessor-version":[{"id":3131,"href":"https:\/\/manosvisibles.org\/pt\/wp-json\/wp\/v2\/posts\/3125\/revisions\/3131"}],"wp:featuredmedia":[{"embeddable":true,"href":"https:\/\/manosvisibles.org\/pt\/wp-json\/wp\/v2\/media\/3126"}],"wp:attachment":[{"href":"https:\/\/manosvisibles.org\/pt\/wp-json\/wp\/v2\/media?parent=3125"}],"wp:term":[{"taxonomy":"category","embeddable":true,"href":"https:\/\/manosvisibles.org\/pt\/wp-json\/wp\/v2\/categories?post=3125"},{"taxonomy":"post_tag","embeddable":true,"href":"https:\/\/manosvisibles.org\/pt\/wp-json\/wp\/v2\/tags?post=3125"}],"curies":[{"name":"wp","href":"https:\/\/api.w.org\/{rel}","templated":true}]}}