{"id":3101,"date":"2023-11-15T18:26:47","date_gmt":"2023-11-15T23:26:47","guid":{"rendered":"https:\/\/manosvisibles.org\/?p=3101"},"modified":"2023-11-15T18:26:59","modified_gmt":"2023-11-15T23:26:59","slug":"pero-digame-la-verdad-usted-de-donde-es","status":"publish","type":"post","link":"https:\/\/manosvisibles.org\/pt\/blog\/pero-digame-la-verdad-usted-de-donde-es\/","title":{"rendered":"Pero d\u00edgame la verdad, \u00bfusted de d\u00f3nde es?"},"content":{"rendered":"<p>Un domingo&nbsp; mientras esper\u00e1bamos la llegada de las j\u00f3venes afrodescendientes, convocadas para un taller sobre identidad \u00e9tnica organizado por nuestra asociaci\u00f3n en el barrio el Plum\u00f3n de la ciudad de Pereira, una de las chicas m\u00e1s extrovertidas y alegres del grupo ingresa a la caseta un tanto molesta y nos comparte una an\u00e9cdota que le acababa de ocurrir mientras se dirig\u00eda al lugar.<br>El conductor de la rapimoto que la transport\u00f3 al lugar, un joven blanco y \u201chermoso\u201d, en evidente plan de conquista empez\u00f3 a hacerle preguntas personales y ella que se sent\u00eda atra\u00edda por \u00e9l, le respond\u00eda animadamente, una de las preguntas fue <em>\u00bfusted de d\u00f3nde es?<\/em>, a lo que ella de manera natural respondi\u00f3, \u201cde Pereira\u201d, el joven hizo una pausa y la conversaci\u00f3n continu\u00f3 entre chanzas y risas; al llegar al destino, le pregunt\u00f3 nuevamente, <em>pero d\u00edgame la verdad \u00bfusted de donde es?<\/em>. \u00c9sta \u00faltima pregunta la tom\u00f3 de sorpresa, y en el fondo le gener\u00f3 cierta molestia a lo que prefiri\u00f3 no responder y dar por terminado el coqueteo.<\/p>\n\n\n\n<p>La joven lleg\u00f3 al taller molesta y algo triste, mientras comentaba lo ocurrido, varias de las otras j\u00f3venes all\u00ed presentes empezaron a compartir an\u00e9cdotas similares, y despu\u00e9s nosotras las talleristas quiz\u00e1 15 o 20 a\u00f1os mayores que ellas, tambi\u00e9n ten\u00edamos historias similares que contar.<\/p>\n\n\n\n<p>\u00bfPor qu\u00e9 es tan dif\u00edcil creer que una persona negra puede haber nacido en \u00e9sta ciudad?&nbsp; Pereira es un territorio con presencia hist\u00f3rica de gente afro, se puede decir que existen varias generaciones de personas afro que han nacido en esta tierra, y para esas personas la b\u00fasqueda constante de una identidad propia es toda una aventura, en ocasiones dolorosa, imaginen unos chicos y chicas de piel negra, que nacen y desarrollan su existencia en \u00e9sta ciudad, sus padres que en ocasiones son de origen chocoano, caucano o valluno, les transmiten un poco de su acento al hablar, sus gustos culinarios, entre otros, pero como estos chicos tambi\u00e9n conviven con las personas de Pereira, adquieren algo del acento paisa, y algunas costumbres de la regi\u00f3n; finalmente quieren pertenecer a alg\u00fan lugar, pero se dan cuenta que no son ni de aqu\u00ed ni de all\u00e1.&nbsp;<\/p>\n\n\n\n<p>Este tema tan cotidiano para la gente negra que vive en ciudades del centro del pa\u00eds, es descrito magistralmente por LUC\u00cdA ASUE MBOMIO RUBIO, autora del libro&nbsp; HIJA DEL CAMINO, quien hace una descarnada radiograf\u00eda de lo que es no pertenecer a ning\u00fan lugar, y aunque la trama de su texto se desarrolla en el lejano pa\u00eds de Espa\u00f1a, cada palabra, cada situaci\u00f3n, nos resulta tan cercana, tan cercana que parece escrita por alguna de nosotras.<\/p>\n\n\n\n<p>Los seres humanos siempre hemos sentido esa constante necesidad de aprobaci\u00f3n, de sentir un arraigo, un lugar al cual pertenecer, cuando no nos sentimos satisfechos tenemos la opci\u00f3n de migrar, pero siempre queremos sentirnos bienvenidos, cada p\u00e1gina de este libro detona un sin fin de emociones y sentimientos muy fuertes para quienes sentimos en carne propia esas experiencias. Es un libro que todos deber\u00edamos tener la oportunidad de leer.<\/p>","protected":false},"excerpt":{"rendered":"<p>Un domingo&nbsp; mientras esper\u00e1bamos la llegada de las j\u00f3venes afrodescendientes, convocadas para un taller sobre identidad \u00e9tnica organizado por nuestra asociaci\u00f3n en el barrio el Plum\u00f3n de la ciudad de Pereira, una de las chicas m\u00e1s extrovertidas y alegres del grupo ingresa a la caseta un tanto molesta y nos comparte una an\u00e9cdota que le [&hellip;]<\/p>\n","protected":false},"author":1,"featured_media":3102,"comment_status":"open","ping_status":"open","sticky":false,"template":"","format":"standard","meta":{"_acf_changed":false,"_et_pb_use_builder":"","_et_pb_old_content":"","_et_gb_content_width":"","inline_featured_image":false,"footnotes":""},"categories":[5],"tags":[],"class_list":["post-3101","post","type-post","status-publish","format-standard","has-post-thumbnail","hentry","category-blog"],"acf":[],"_links":{"self":[{"href":"https:\/\/manosvisibles.org\/pt\/wp-json\/wp\/v2\/posts\/3101","targetHints":{"allow":["GET"]}}],"collection":[{"href":"https:\/\/manosvisibles.org\/pt\/wp-json\/wp\/v2\/posts"}],"about":[{"href":"https:\/\/manosvisibles.org\/pt\/wp-json\/wp\/v2\/types\/post"}],"author":[{"embeddable":true,"href":"https:\/\/manosvisibles.org\/pt\/wp-json\/wp\/v2\/users\/1"}],"replies":[{"embeddable":true,"href":"https:\/\/manosvisibles.org\/pt\/wp-json\/wp\/v2\/comments?post=3101"}],"version-history":[{"count":3,"href":"https:\/\/manosvisibles.org\/pt\/wp-json\/wp\/v2\/posts\/3101\/revisions"}],"predecessor-version":[{"id":3107,"href":"https:\/\/manosvisibles.org\/pt\/wp-json\/wp\/v2\/posts\/3101\/revisions\/3107"}],"wp:featuredmedia":[{"embeddable":true,"href":"https:\/\/manosvisibles.org\/pt\/wp-json\/wp\/v2\/media\/3102"}],"wp:attachment":[{"href":"https:\/\/manosvisibles.org\/pt\/wp-json\/wp\/v2\/media?parent=3101"}],"wp:term":[{"taxonomy":"category","embeddable":true,"href":"https:\/\/manosvisibles.org\/pt\/wp-json\/wp\/v2\/categories?post=3101"},{"taxonomy":"post_tag","embeddable":true,"href":"https:\/\/manosvisibles.org\/pt\/wp-json\/wp\/v2\/tags?post=3101"}],"curies":[{"name":"wp","href":"https:\/\/api.w.org\/{rel}","templated":true}]}}