{"id":260,"date":"2023-08-14T17:57:04","date_gmt":"2023-08-14T22:57:04","guid":{"rendered":"http:\/\/50.31.176.2\/~cexhtlzg\/?p=260"},"modified":"2023-08-14T17:57:06","modified_gmt":"2023-08-14T22:57:06","slug":"leidy-fernanda-ortega-la-lideresa-que-potencia-la-produccion-del-cacao-en-tumaco","status":"publish","type":"post","link":"https:\/\/manosvisibles.org\/pt\/noticias\/leidy-fernanda-ortega-la-lideresa-que-potencia-la-produccion-del-cacao-en-tumaco\/","title":{"rendered":"Leidy Fernanda Ortega: a l\u00edder que promove a produ\u00e7\u00e3o de cacau em Tumaco"},"content":{"rendered":"<p>Para chegar \u00e0 sede da Associa\u00e7\u00e3o dos Produtores de Cacau, Asprocat, \u00e9 preciso sair de Tumaco, percorrer 20 km via Pasto e chegar ao povoado de Inguap\u00ed.<\/p>\n\n\n\n<p>Para chegar \u00e0 sede da Associa\u00e7\u00e3o dos Produtores de Cacau, Asprocat, \u00e9 preciso sair de San Andr\u00e9s de Tumaco, percorrer mais de 20 quil\u00f4metros pela estrada para Pasto e no povoado de Inguap\u00ed, de um lado da estrada, est\u00e1 a entrada para este p\u00f3lo de produ\u00e7\u00e3o de cacau, um dos mais importantes da regi\u00e3o e de onde sai o melhor cacau de Tumaco para os mercados internacional e nacional.<\/p>\n\n\n\n<p>\u00c9 profissional em Finan\u00e7as e Rela\u00e7\u00f5es Internacionais, especialista em Projetos de Desenvolvimento ESAP e atualmente trabalha como Conselheira Produtiva da Ag\u00eancia de Reincorpora\u00e7\u00e3o e Normaliza\u00e7\u00e3o de Nari\u00f1o.<\/p>\n\n\n\n<p><strong>Maestrias Vis\u00edveis<\/strong><\/p>\n\n\n\n<p>A sua participa\u00e7\u00e3o no Mestrado em Gest\u00e3o e Pr\u00e1tica do Desenvolvimento resultou de uma convocat\u00f3ria da Manos Visibles e da Ag\u00eancia dos Estados Unidos para o Desenvolvimento Internacional (USAID), com o apoio da Universidad de Los Andes, onde foi entregue este programa, que teve a dura\u00e7\u00e3o de dois anos.<\/p>\n\n\n\n<p>\u201cO processo do cacau est\u00e1 muito ligado a mim e a minha fam\u00edlia, faz parte de n\u00f3s desde a minha inf\u00e2ncia, pois cresci vendo meu av\u00f4 plantar, colher e comercializar cacau em Tumaco, terra onde est\u00e1 um dos melhores do mundo produzido e que atualmente \u00e9 uma das cadeias produtivas que mais gera renda no territ\u00f3rio\u201d, diz Leidy Fernanda, com quem visitamos a sede da Asprocat.<\/p>\n\n\n\n<p>\u201cEste \u00e9 um dos centros de beneficiamento mais completos que temos na regi\u00e3o, inclui, entre outros, um jardim clonal de aproximadamente tr\u00eas hectares onde s\u00e3o plantados diferentes tipos de materiais gen\u00e9ticos e desenvolvidos processos de pesquisa de resist\u00eancia a doen\u00e7as, de maior produ\u00e7\u00e3o , sejam ou n\u00e3o compat\u00edveis com os solos da regi\u00e3o e onde universidades como a Nacional, Antonio Nari\u00f1o e SENA est\u00e3o autorizadas a realizar atividades acad\u00eamicas\u201d, afirma este Mestre em Gest\u00e3o e Pr\u00e1tica do Desenvolvimento.<\/p>\n\n\n\n<p><strong>Forma\u00e7\u00e3o para o desenvolvimento<\/strong><\/p>\n\n\n\n<p>Para Leidy Ortega, ter feito parte deste mestrado foi muito importante: \"me permitiu identificar claramente os atores que est\u00e3o ligados neste processo que faz parte de uma das cadeias produtivas mais importantes de Tumaco e que hoje \u00e9 torna-se um importante processo de transforma\u00e7\u00e3o do territ\u00f3rio e uma estrat\u00e9gia para poder enfrentar quest\u00f5es ou condi\u00e7\u00f5es sociais como pobreza, viol\u00eancia, substitui\u00e7\u00e3o de cultivos il\u00edcitos, quest\u00f5es de g\u00eanero e inclus\u00e3o social, entre outras\u201d.<\/p>\n\n\n\n<p>\u201cSem d\u00favida, essas forma\u00e7\u00f5es acad\u00eamicas e essas oportunidades permitem \u00e0s mulheres, especialmente \u00e0s mulheres produtoras e camponesas, novas oportunidades que as ajudam a crescer no mercado de trabalho e facilitam o desenvolvimento de neg\u00f3cios e projetos produtivos. Por isso, convido voc\u00ea a participar e aproveitar esses programas que com certeza v\u00e3o te incentivar a realizar seus sonhos e os de suas fam\u00edlias e claro apoiar a din\u00e2mica econ\u00f4mica dos territ\u00f3rios\u201d, conclui Leidy Fernanda.<\/p>","protected":false},"excerpt":{"rendered":"<p>Para llegar a la sede de la Asociaci\u00f3n de Productores de Cacao, Asprocat, hay que salir de Tumaco, recorrer 20 km v\u00eda a Pasto y llegar a la vereda Inguap\u00ed Para llegar a la sede de la Asociaci\u00f3n de Productores de Cacao, Asprocat, hay que salir de San Andr\u00e9s de Tumaco, recorrer m\u00e1s de 20 [&hellip;]<\/p>\n","protected":false},"author":1,"featured_media":262,"comment_status":"open","ping_status":"open","sticky":false,"template":"","format":"standard","meta":{"_acf_changed":false,"_et_pb_use_builder":"off","_et_pb_old_content":"","_et_gb_content_width":"","inline_featured_image":false,"footnotes":""},"categories":[48],"tags":[52],"class_list":["post-260","post","type-post","status-publish","format-standard","has-post-thumbnail","hentry","category-noticias","tag-noticias-columna"],"acf":[],"_links":{"self":[{"href":"https:\/\/manosvisibles.org\/pt\/wp-json\/wp\/v2\/posts\/260","targetHints":{"allow":["GET"]}}],"collection":[{"href":"https:\/\/manosvisibles.org\/pt\/wp-json\/wp\/v2\/posts"}],"about":[{"href":"https:\/\/manosvisibles.org\/pt\/wp-json\/wp\/v2\/types\/post"}],"author":[{"embeddable":true,"href":"https:\/\/manosvisibles.org\/pt\/wp-json\/wp\/v2\/users\/1"}],"replies":[{"embeddable":true,"href":"https:\/\/manosvisibles.org\/pt\/wp-json\/wp\/v2\/comments?post=260"}],"version-history":[{"count":1,"href":"https:\/\/manosvisibles.org\/pt\/wp-json\/wp\/v2\/posts\/260\/revisions"}],"predecessor-version":[{"id":1907,"href":"https:\/\/manosvisibles.org\/pt\/wp-json\/wp\/v2\/posts\/260\/revisions\/1907"}],"wp:featuredmedia":[{"embeddable":true,"href":"https:\/\/manosvisibles.org\/pt\/wp-json\/wp\/v2\/media\/262"}],"wp:attachment":[{"href":"https:\/\/manosvisibles.org\/pt\/wp-json\/wp\/v2\/media?parent=260"}],"wp:term":[{"taxonomy":"category","embeddable":true,"href":"https:\/\/manosvisibles.org\/pt\/wp-json\/wp\/v2\/categories?post=260"},{"taxonomy":"post_tag","embeddable":true,"href":"https:\/\/manosvisibles.org\/pt\/wp-json\/wp\/v2\/tags?post=260"}],"curies":[{"name":"wp","href":"https:\/\/api.w.org\/{rel}","templated":true}]}}