{"id":251,"date":"2023-06-16T12:18:41","date_gmt":"2023-06-16T17:18:41","guid":{"rendered":"http:\/\/50.31.176.2\/~cexhtlzg\/?p=251"},"modified":"2023-08-14T17:29:42","modified_gmt":"2023-08-14T22:29:42","slug":"5-anos-potenciando-un-movimiento-literario","status":"publish","type":"post","link":"https:\/\/manosvisibles.org\/pt\/noticias\/5-anos-potenciando-un-movimiento-literario\/","title":{"rendered":"VEN\u00cd TE LEO: 5 anos promovendo um movimento liter\u00e1rio"},"content":{"rendered":"<p>Ap\u00f3s cinco anos de trabalho, nossa rede Ven\u00ed Te Leo consolidou mais de 300 rodas de leitura compostas por 5.698 pessoas em institui\u00e7\u00f5es educacionais e organiza\u00e7\u00f5es juvenis, culturais e de mulheres presentes em 15 territ\u00f3rios do Pac\u00edfico, Caribe, Amaz\u00f4nia, Cundinamarca e Antioquia.<\/p>\n\n\n\n<p>Comprometemo-nos a reduzir as brechas no acesso ao livro, por meio da distribui\u00e7\u00e3o gratuita de +10.000 exemplares liter\u00e1rios entregues no Pac\u00edfico, Caribe e Amaz\u00f4nia, garantindo o acesso a material liter\u00e1rio relevante e de qualidade que contribua para os processos de pensamento cr\u00edtico nas comunidades \u00e9tnicas do Pac\u00edfico, do Caribe e da Amaz\u00f4nia.<\/p>\n\n\n\n<p>(Video Ven\u00ed Te Leo)&nbsp;<\/p>\n\n\n\n<p>Desde Ven\u00ed Te Leo, promovemos novas refer\u00eancias liter\u00e1rias que contribuem para o empoderamento das comunidades \u00e9tnicas do Pac\u00edfico, Caribe e Amaz\u00f4nia.<\/p>\n\n\n\n<p>Apostamos na leitura e na escrita como ferramentas de posicionamento de uma massa cr\u00edtica de lideran\u00e7as culturais, comprometidas com o desenvolvimento do ecossistema cultural de cada um dos seus territ\u00f3rios.<\/p>","protected":false},"excerpt":{"rendered":"<p>Tras cinco a\u00f1os de trabajo, nuestra red Ven\u00ed Te Leo ha consolidado m\u00e1s de 300 c\u00edrculos de lectura integrados por 5.698 personas en instituciones educativas y organizaciones juveniles, culturales y de mujeres presentes en 15 territorios del Pac\u00edfico, Caribe, Amazon\u00eda, Cundinamarca y Antioquia. Le apostamos a disminuir las brechas de acceso al libro, mediante la [&hellip;]<\/p>\n","protected":false},"author":1,"featured_media":252,"comment_status":"open","ping_status":"open","sticky":false,"template":"","format":"standard","meta":{"_acf_changed":false,"_et_pb_use_builder":"off","_et_pb_old_content":"","_et_gb_content_width":"","inline_featured_image":false,"footnotes":""},"categories":[48],"tags":[52],"class_list":["post-251","post","type-post","status-publish","format-standard","has-post-thumbnail","hentry","category-noticias","tag-noticias-columna"],"acf":[],"_links":{"self":[{"href":"https:\/\/manosvisibles.org\/pt\/wp-json\/wp\/v2\/posts\/251","targetHints":{"allow":["GET"]}}],"collection":[{"href":"https:\/\/manosvisibles.org\/pt\/wp-json\/wp\/v2\/posts"}],"about":[{"href":"https:\/\/manosvisibles.org\/pt\/wp-json\/wp\/v2\/types\/post"}],"author":[{"embeddable":true,"href":"https:\/\/manosvisibles.org\/pt\/wp-json\/wp\/v2\/users\/1"}],"replies":[{"embeddable":true,"href":"https:\/\/manosvisibles.org\/pt\/wp-json\/wp\/v2\/comments?post=251"}],"version-history":[{"count":1,"href":"https:\/\/manosvisibles.org\/pt\/wp-json\/wp\/v2\/posts\/251\/revisions"}],"predecessor-version":[{"id":1908,"href":"https:\/\/manosvisibles.org\/pt\/wp-json\/wp\/v2\/posts\/251\/revisions\/1908"}],"wp:featuredmedia":[{"embeddable":true,"href":"https:\/\/manosvisibles.org\/pt\/wp-json\/wp\/v2\/media\/252"}],"wp:attachment":[{"href":"https:\/\/manosvisibles.org\/pt\/wp-json\/wp\/v2\/media?parent=251"}],"wp:term":[{"taxonomy":"category","embeddable":true,"href":"https:\/\/manosvisibles.org\/pt\/wp-json\/wp\/v2\/categories?post=251"},{"taxonomy":"post_tag","embeddable":true,"href":"https:\/\/manosvisibles.org\/pt\/wp-json\/wp\/v2\/tags?post=251"}],"curies":[{"name":"wp","href":"https:\/\/api.w.org\/{rel}","templated":true}]}}