{"id":4421,"date":"2024-04-02T11:27:27","date_gmt":"2024-04-02T16:27:27","guid":{"rendered":"https:\/\/manosvisibles.org\/?p=4421"},"modified":"2024-04-02T11:27:29","modified_gmt":"2024-04-02T16:27:29","slug":"manos-visibles-y-caf-una-alianza-para-empoderar-el-talento-afro-e-indigena-regional","status":"publish","type":"post","link":"https:\/\/manosvisibles.org\/en\/noticias\/manos-visibles-y-caf-una-alianza-para-empoderar-el-talento-afro-e-indigena-regional\/","title":{"rendered":"Manos Visibles and CAF, an Alliance to empower Afro and Indigenous Talent in the Region"},"content":{"rendered":"<p>Corporaci\u00f3n Manos Visibles, the largest network of visible leadership in Colombia and CAF \u2013 Development Bank of Latin America and the Caribbean, have signed an alliance to promote inclusion and ethnic-racial equity in the labor market and connect Afro and indigenous talent from Colombia, Panama, and Brazil with companies in the region.<\/p>\n\n\n\n<p>Paula Moreno, President of Manos Visibles assures that \u201cIn Manos Visibles we have dedicated more than 13 years to create ecosystems that promote local transformation and ethnic-racial diversity. In this new decade, together with CAF \u2013 Development Bank of Latin America and the Caribbean, we are committed to a transnational proposal that will take our work to the next level, to promote ethnic-racial inclusion and equity in the labor market, connecting Afro-Latino and indigenous talent.\u201d<\/p>\n\n\n\n<p>The alliance primarily focuses on empowering and developing Afro-Latino and indigenous leaders through management training. It aims to increase corporate awareness on racial equity, establish a comprehensive internship program within companies, and launch AfroInnova Talento\u2014a platform that fosters community innovation and connects Afro-Latino leaders. Additionally, it strives to enhance the involvement of ethnic communities, especially women, in the technology sector.<\/p>\n\n\n\n<p>According to Cristi\u00e1n Asinelli, Corporate Vice President of Strategic Programming at CAF -Development Bank of Latin America and the Caribbean \u2013 \u201cFrom the Visible Talent strategy we promote economic growth, sustainable development, and regional integration with a workforce that will bring these transformations to life that the country and Latin America need from different sectors to reduce educational, cultural, and technological inequalities.\u201d<\/p>\n\n\n\n<p>The alliance includes several components, such as the Talento Visible School of Senior Management, the Network of Organizations and Companies trained in racial equity, which will also implement a program with 20 internships from Visible Talent, which includes adaptation, training, technical support, and mentoring that will strengthen the professional and personal skills of the participants.<\/p>\n\n\n\n<p>\u201cFrom this initiative we encourage Afro and indigenous talent in the region to change imaginaries, create new futures and propose agendas that transform. An alliance for the revolution of organizations and the private sector, for labor mobility and the raising of awareness among companies on issues of racial equity,\u201d added Asinelli.<\/p>\n\n\n\n<p>This initiative, which is a pioneer in Colombia, combines technology and access to formal employment, two areas with some of the largest gaps for ethnic communities, and uses them to enhance the development and employability of this talent. This innovative collaboration is expected to set a significant precedent in promoting inclusion and equity in the workplace for Afro-Latino and indigenous talent, creating a positive and sustainable impact on their professional and social growth opportunities.<\/p>","protected":false},"excerpt":{"rendered":"<p>La Corporaci\u00f3n Manos Visibles, la red de liderazgos visibles m\u00e1s grande de Colombia y CAF \u2013 el banco de desarrollo en Am\u00e9rica Latina y el Caribe &#8211; firman una alianza para promover la inclusi\u00f3n y la equidad \u00e9tnico-racial en el mercado laboral y conectar el talento afro e ind\u00edgena de Colombia, Panam\u00e1 y Brasil con [&hellip;]<\/p>\n","protected":false},"author":1,"featured_media":4478,"comment_status":"open","ping_status":"open","sticky":false,"template":"","format":"standard","meta":{"_acf_changed":false,"_et_pb_use_builder":"","_et_pb_old_content":"","_et_gb_content_width":"","inline_featured_image":false,"footnotes":""},"categories":[48],"tags":[52],"class_list":["post-4421","post","type-post","status-publish","format-standard","has-post-thumbnail","hentry","category-noticias","tag-noticias-columna"],"acf":[],"_links":{"self":[{"href":"https:\/\/manosvisibles.org\/en\/wp-json\/wp\/v2\/posts\/4421","targetHints":{"allow":["GET"]}}],"collection":[{"href":"https:\/\/manosvisibles.org\/en\/wp-json\/wp\/v2\/posts"}],"about":[{"href":"https:\/\/manosvisibles.org\/en\/wp-json\/wp\/v2\/types\/post"}],"author":[{"embeddable":true,"href":"https:\/\/manosvisibles.org\/en\/wp-json\/wp\/v2\/users\/1"}],"replies":[{"embeddable":true,"href":"https:\/\/manosvisibles.org\/en\/wp-json\/wp\/v2\/comments?post=4421"}],"version-history":[{"count":1,"href":"https:\/\/manosvisibles.org\/en\/wp-json\/wp\/v2\/posts\/4421\/revisions"}],"predecessor-version":[{"id":4422,"href":"https:\/\/manosvisibles.org\/en\/wp-json\/wp\/v2\/posts\/4421\/revisions\/4422"}],"wp:featuredmedia":[{"embeddable":true,"href":"https:\/\/manosvisibles.org\/en\/wp-json\/wp\/v2\/media\/4478"}],"wp:attachment":[{"href":"https:\/\/manosvisibles.org\/en\/wp-json\/wp\/v2\/media?parent=4421"}],"wp:term":[{"taxonomy":"category","embeddable":true,"href":"https:\/\/manosvisibles.org\/en\/wp-json\/wp\/v2\/categories?post=4421"},{"taxonomy":"post_tag","embeddable":true,"href":"https:\/\/manosvisibles.org\/en\/wp-json\/wp\/v2\/tags?post=4421"}],"curies":[{"name":"wp","href":"https:\/\/api.w.org\/{rel}","templated":true}]}}