{"id":3331,"date":"2023-12-20T13:12:27","date_gmt":"2023-12-20T18:12:27","guid":{"rendered":"https:\/\/manosvisibles.org\/?p=3331"},"modified":"2023-12-20T13:12:37","modified_gmt":"2023-12-20T18:12:37","slug":"el-poder-de-la-palabra","status":"publish","type":"post","link":"https:\/\/manosvisibles.org\/en\/blog\/el-poder-de-la-palabra\/","title":{"rendered":"El poder de la palabra"},"content":{"rendered":"<p>Un elemento cohesionador entre las relaciones sociales existentes&nbsp; entre los seres humanos, es el lenguaje. Significativo, importante y&nbsp; relevante en todas las sociedades, es la forma primaria de entendernos&nbsp; y comunicarnos.&nbsp;<\/p>\n\n\n\n<p>La palabra en su acepci\u00f3n b\u00e1sica es entendida como una unidad de la&nbsp; lengua que resulta de f\u00e1cil identificaci\u00f3n, tanto en el habla, lenguaje de&nbsp; se\u00f1as o la escritura. El t\u00e9rmino deriva del lat\u00edn par\u00e1bola, que en la&nbsp; religi\u00f3n judeo\/cristiana se relaciona con relatos en sentido figurado, que pretende por medio de analog\u00edas y simbolismos detallar alg\u00fan tipo de vivencia con prop\u00f3sito de ense\u00f1anza y moraleja. Y es que desde que los seres humanos tuvimos la posibilidad de entender y dar significados a nuestras vivencias por medios de expresiones escritas o habladas, nos dimos cuenta de la inmensa posibilidad y el gran poder&nbsp; social, pol\u00edtico y cultural que desde all\u00ed pod\u00edamos ejercer.&nbsp;<\/p>\n\n\n\n<p>Esa poderosa posibilidad de generar impacto, se da desde la escritura&nbsp; de la formidable Toni Morrison, una de las pocas o muchas (dependiendo desde donde se mire) escritoras racializadas y&nbsp; reconocidas a nivel mundial. Toni fue una novelista, ensayista, editora&nbsp; de libros y profesora universitaria estadounidense. En medio de un ambiente literario profundamente patriarcal y blanco, donde los hombres dominan (y no todos los hombres) gan\u00f3 el Premio Nobel de&nbsp; Literatura en el a\u00f1o 1993, siendo de esta manera la primera mujer afroamericana en recibir el premio, escribi\u00f3 a lo largo de su vida varios textos donde abord\u00f3 de manera magistral con una mirada cr\u00edtica y bastante pol\u00edtica temas como el racismo, el g\u00e9nero, la&nbsp; discriminaci\u00f3n sexual, la inmigraci\u00f3n, el patriotismo, el arte, la cultura,&nbsp; etc.&nbsp;<\/p>\n\n\n\n<p>En sus escritos se evidencia c\u00f3mo siempre el dar voz a quienes hist\u00f3ricamente nunca la han tenido es recurrente, sus escritos nacidos en muchas ocasiones desde lo personal denotan su agudeza, pero tambi\u00e9n lo perspicaz y provocativo, propiciando en sus lectores alg\u00fan tipo de llamado sobre temas muy comunes y cotidianos, pero a la vez intr\u00ednsecos. Un aspecto relevante en su escrito \u201cLa fuente de la Autoestima\u201d entre muchos, es la relevancia que da al poder del lenguaje para darle forma a la compresi\u00f3n de nuestro mundo, un&nbsp; mundo que no necesita ning\u00fan tipo de presentaci\u00f3n para quienes nunca lo han habitado de la mejor manera posible. El poder de lo discursivo en ella, pasa por la imperiosa necesidad de entender de qu\u00e9 manera operan esos entramados de opresi\u00f3n y subordinaci\u00f3n en los&nbsp; cuerpxs feminizados, empobrecidxs y racializadxs, su lugar de enunciaci\u00f3n como una mujer negra, racializada con el privilegio de estar en la academia y compartir sus escritos, la pone en un lugar de responsabilidad, porque es a trav\u00e9s de estos que eleva las demandas&nbsp; y necesidades de todxs aquellxs seres que hacemos parte del \u201cNo&nbsp; Ser\u201d, las vidas que no somos susceptibles de duelo por el simple hecho de no ser ni tan siquiera reconocidas como vidas vivibles.&nbsp;<\/p>\n\n\n\n<p>El poder de la palabra, en este caso escrito pasa por la contundencia, la claridad, y s\u00ed se quiere por la radicalidad del mismo, c\u00f3mo desde un ensayo, un art\u00edculo, una poes\u00eda y una novela generamos y exhortamos a quienes los leen desde el desventajado lugar de enunciaci\u00f3n que ocupan, pero tambi\u00e9n, por la vehemencia en el llamado al&nbsp; empoderamiento desde la fuerza, y a su vez desde el amor y el respeto a s\u00ed mismxs y a lxs dem\u00e1s.&nbsp;<\/p>\n\n\n\n<p>Morrison desde su pluma hace el llamado sobre lo peligroso y lesivo&nbsp; que puede resultar el racismo, sobre la fuerza ilocucionaria del lenguaje, sobre el poder que desde lo cultural atraviesa el arte e ineludiblemente lxs cuerpxs. La fuente de la autoestima al igual que&nbsp; muchos de sus escritos, ha tenido una influencia significativa no solo en la cultura estadounidense sino a nivel mundial, al ser ella una escritora de alto nivel. Sus libros han sido abordados por acad\u00e9micxs, activistas y artistas, han servido como fuente de inspiraci\u00f3n incluso para otrxs escritores. Los mensajes de Toni son tan poderosos que sus escritos&nbsp; pasan por espacios acad\u00e9micos y entornos comunitarios para&nbsp; promover no solo la unidad tan importante en estos tiempos, sino para&nbsp; abordar debates sobre la comprensi\u00f3n de la raza, el g\u00e9nero y otros&nbsp; temas.&nbsp;&nbsp;<\/p>\n\n\n\n<p>El poder de la palabra escrita es una fuente importante de&nbsp; empoderamiento, de resistencia, transformaci\u00f3n y lucha para aquellxs&nbsp; que no ven en su trasegar una luz al final del t\u00fanel, como escritorxs, tenemos la posibilidad de generar cambios significativos en la&nbsp; sociedad o de seguir perpetuando las estructuras hegem\u00f3nicas de subyugaci\u00f3n y opresi\u00f3n que ya existen. La escritura (al igual que la literatura) es un instrumento valioso para cualquier persona que quiera comprender el mundo que le rodea y marcar la diferencia, ese es el&nbsp; llamado que Toni nos hace.<\/p>","protected":false},"excerpt":{"rendered":"<p>Un elemento cohesionador entre las relaciones sociales existentes&nbsp; entre los seres humanos, es el lenguaje. Significativo, importante y&nbsp; relevante en todas las sociedades, es la forma primaria de entendernos&nbsp; y comunicarnos.&nbsp; La palabra en su acepci\u00f3n b\u00e1sica es entendida como una unidad de la&nbsp; lengua que resulta de f\u00e1cil identificaci\u00f3n, tanto en el habla, lenguaje [&hellip;]<\/p>\n","protected":false},"author":1,"featured_media":3327,"comment_status":"open","ping_status":"open","sticky":false,"template":"","format":"standard","meta":{"_acf_changed":false,"_et_pb_use_builder":"","_et_pb_old_content":"","_et_gb_content_width":"","inline_featured_image":false,"footnotes":""},"categories":[5],"tags":[],"class_list":["post-3331","post","type-post","status-publish","format-standard","has-post-thumbnail","hentry","category-blog"],"acf":[],"_links":{"self":[{"href":"https:\/\/manosvisibles.org\/en\/wp-json\/wp\/v2\/posts\/3331","targetHints":{"allow":["GET"]}}],"collection":[{"href":"https:\/\/manosvisibles.org\/en\/wp-json\/wp\/v2\/posts"}],"about":[{"href":"https:\/\/manosvisibles.org\/en\/wp-json\/wp\/v2\/types\/post"}],"author":[{"embeddable":true,"href":"https:\/\/manosvisibles.org\/en\/wp-json\/wp\/v2\/users\/1"}],"replies":[{"embeddable":true,"href":"https:\/\/manosvisibles.org\/en\/wp-json\/wp\/v2\/comments?post=3331"}],"version-history":[{"count":3,"href":"https:\/\/manosvisibles.org\/en\/wp-json\/wp\/v2\/posts\/3331\/revisions"}],"predecessor-version":[{"id":3334,"href":"https:\/\/manosvisibles.org\/en\/wp-json\/wp\/v2\/posts\/3331\/revisions\/3334"}],"wp:featuredmedia":[{"embeddable":true,"href":"https:\/\/manosvisibles.org\/en\/wp-json\/wp\/v2\/media\/3327"}],"wp:attachment":[{"href":"https:\/\/manosvisibles.org\/en\/wp-json\/wp\/v2\/media?parent=3331"}],"wp:term":[{"taxonomy":"category","embeddable":true,"href":"https:\/\/manosvisibles.org\/en\/wp-json\/wp\/v2\/categories?post=3331"},{"taxonomy":"post_tag","embeddable":true,"href":"https:\/\/manosvisibles.org\/en\/wp-json\/wp\/v2\/tags?post=3331"}],"curies":[{"name":"wp","href":"https:\/\/api.w.org\/{rel}","templated":true}]}}