{"id":3132,"date":"2023-11-22T15:54:01","date_gmt":"2023-11-22T20:54:01","guid":{"rendered":"https:\/\/manosvisibles.org\/?p=3132"},"modified":"2023-11-23T17:44:44","modified_gmt":"2023-11-23T22:44:44","slug":"la-punta-del-iceberg","status":"publish","type":"post","link":"https:\/\/manosvisibles.org\/en\/blog\/la-punta-del-iceberg\/","title":{"rendered":"La punta del iceberg"},"content":{"rendered":"<p><em>Mujeres del alma m\u00eda<\/em> es un libro autobiogr\u00e1fico de \u00abconversaci\u00f3n informal\u00bb, como su autora lo describe, que transmite a modo de flujo de conciencia una mirada de su vida y su relaci\u00f3n con el feminismo, la familia, las pasiones, la amistad, la vejez y, sobre todo, la escritura.&nbsp;<\/p>\n\n\n\n<p>A partir de la lectura de esta obra pretendemos desde el c\u00edrculo de lectura Lee Mi Alma contar nuestra experiencia de leer en conjunto y de compartir las diversas perspectivas sobre la manera en que la autora abord\u00f3 las tem\u00e1ticas antes mencionadas.&nbsp;<\/p>\n\n\n\n<p>Si bien el texto de Allende intenta tratar tem\u00e1ticas feministas, deja sin resolver algunos asuntos centrales o ejes de este. Desde una historia informal logra atrapar a los lectores y llevarlos hasta el final del libro, pero, al mismo tiempo, deja un sinsabor por la falta de rigor y de profundidad que el tema de feminismo requiere.<\/p>\n\n\n\n<p>La autora nos entrega pinceladas sobre el concepto de movimiento y estallido feminista, la reivindicaci\u00f3n de los derechos humanos, sexuales y reproductivos y los estigmas y expectativas que se le asignan a la mujer desde un rol de g\u00e9nero establecido.&nbsp;<\/p>\n\n\n\n<p>Consideramos que, desde una posici\u00f3n de privilegio, Allende nos cuenta, sin dar muchos detalles t\u00e9cnicos o informaci\u00f3n a profundidad, lo que para ella es feminismo usando el humor como parte de su narrativa y trata de forma superficial problem\u00e1ticas que nos atraviesan a todas como mujeres. La s\u00e1tira como tal es un g\u00e9nero complejo y que a la luz de la tem\u00e1tica tratada consideramos que el texto nos alej\u00f3 un poco de las expectativas por las cuales nos acercamos a \u00e9l. No con esto queremos desconocer el talento de la autora, solo expresamos lo que sentimos al leer esta obra en particular.<\/p>\n\n\n\n<p>Regresando al tema del privilegio, fue un asunto que discutimos con ah\u00ednco desde las visiones y experiencias de cada una de las integrantes del c\u00edrculo, revisando paso a paso el texto y explorando otras miradas actuales feministas notamos que en situaciones como la migraci\u00f3n o el exilio Allende no logr\u00f3 transmitir ni conectarnos con otras narrativas diferentes a su propia perspectiva como migrante, esposa, amiga, y escritora.&nbsp;<\/p>\n\n\n\n<p>Los conceptos de deshumanizaci\u00f3n, desarraigo, desasosiego, miedo, nostalgia o territorio fueron elementos ausentes en este libro o tratados superficialmente.<\/p>\n\n\n\n<p>Respecto a la forma en c\u00f3mo est\u00e1 conectado el libro nos sorprendi\u00f3 la facilidad con que se pasa de un tema a otro sin darnos tiempo a cuestionamientos o conversaciones entre lector y autor; muchas inquietudes surgieron posteriores a la lectura, temas asociados a los movimientos, luchas y victorias feministas que nos dan apertura a la investigaci\u00f3n y a buscar informaci\u00f3n alterna para hacer un complemento a las iniciativas planteadas por la autora en esta obra.&nbsp;<\/p>\n\n\n\n<p>Existieron en el libro frases y p\u00e1rrafos que nos emocionaron y de los cuales subrayamos sus l\u00edneas, conversamos, nos contamos historias e incluso de seguro ser\u00e1n frases que nos llevar\u00e1n a la acci\u00f3n en el rol activo que cumplimos como mujeres. Logramos completar nuestra lectura conjunta, conversar sobre las percepciones, sobre nuestras historias y, lo m\u00e1s importante, sobre la importancia de la acci\u00f3n, lo que deja ver la experiencia e impacto de la autora para narrar historias.<\/p>\n\n\n\n<p>Una tem\u00e1tica en particular nos llam\u00f3 mucho la atenci\u00f3n y que queremos destacar: el relato de su vejez que nos permiti\u00f3 poner en evidencia el miedo de nuestra sociedad a envejecer y morir, la importancia del bienestar hacia finales de la vida y del cuidado del otro en esa etapa. Hace un recuento interesante a partir de su propia vida, claramente desde su mirada, una opini\u00f3n muy propia y no tan masiva a la luz de las miles de vidas de mujeres que no cuentan con educaci\u00f3n, garant\u00edas y las herramientas para dedicarse a cumplir sus sue\u00f1os. Deja a un lado en su relato la interseccionalidad y la vivencia de mujeres racializadas, de diversidad de clases sociales, que vivimos un sinn\u00famero de violencias, pobreza, hambre, conflictos y desigualdades.<\/p>\n\n\n\n<p>Dos historias en particular nos llamaron mucho la atenci\u00f3n: la historia de su madre Panchita a quien admir\u00f3 tanto como reproch\u00f3 por no tener el valor de ir en contra de la sociedad machista y patriarcal chilena y dedicarse a la pintura, que tan bien se le daba, y la historia de la creaci\u00f3n de su fundaci\u00f3n despu\u00e9s de la muerte de su hija Paula y de un viaje a India lo que la llev\u00f3 a apoyar, cuidar y protege a ni\u00f1as, j\u00f3venes y mujeres maltratadas y con alto riesgo de sufrir todo tipo de violencias.<\/p>\n\n\n\n<p>Finalmente, Allende explora las desigualdades sufridas por las mujeres, el sistema patriarcal en el que creci\u00f3 y que le ense\u00f1\u00f3 de las experiencias vividas con su abuelo Agust\u00edn la necesidad de valerse por s\u00ed misma y no depender de nadie, y de all\u00ed se desemboca una serie de datos e informes que ella comparte con los lectores para explicar su visi\u00f3n del feminismo o de la falta de \u00e9ste en las culturas y sociedades en las cuales se desenvuelve. Esto lo vive ella misma al recibir muchos a\u00f1os despu\u00e9s del \u00e9xito de sus obras a nivel mundial el Premio Nacional de Literatura de Chile, pues como Allende misma dijo: una mujer debe demostrar dos veces m\u00e1s que un hombre su val\u00eda.&nbsp;<\/p>\n\n\n\n<p>En resumen, consideramos que este libro deja en su narrativa solo la punta del iceberg de los conceptos principales, pero sin la profundidad que esper\u00e1bamos. No obstante, como c\u00edrculo nos complace investigar y abrirnos en conversaciones con otras mujeres para entender en detalle la tem\u00e1tica abordada.&nbsp;<\/p>\n\n\n\n<p>Finalmente, del recorrido de su vida que apreciamos en el libro nos queda una pregunta: \u00bfQu\u00e9 queremos como feministas? Inquietud que detonar\u00eda, a nuestro parecer, una interesante discusi\u00f3n y di\u00e1logo que enriquecer\u00eda al feminismo mismo y a la experiencia personal de cada una de las mujeres lectoras.<\/p>","protected":false},"excerpt":{"rendered":"<p>Mujeres del alma m\u00eda es un libro autobiogr\u00e1fico de \u00abconversaci\u00f3n informal\u00bb, como su autora lo describe, que transmite a modo de flujo de conciencia una mirada de su vida y su relaci\u00f3n con el feminismo, la familia, las pasiones, la amistad, la vejez y, sobre todo, la escritura.&nbsp; A partir de la lectura de esta [&hellip;]<\/p>\n","protected":false},"author":1,"featured_media":3143,"comment_status":"open","ping_status":"open","sticky":false,"template":"","format":"standard","meta":{"_acf_changed":false,"_et_pb_use_builder":"","_et_pb_old_content":"","_et_gb_content_width":"","inline_featured_image":false,"footnotes":""},"categories":[5],"tags":[],"class_list":["post-3132","post","type-post","status-publish","format-standard","has-post-thumbnail","hentry","category-blog"],"acf":[],"_links":{"self":[{"href":"https:\/\/manosvisibles.org\/en\/wp-json\/wp\/v2\/posts\/3132","targetHints":{"allow":["GET"]}}],"collection":[{"href":"https:\/\/manosvisibles.org\/en\/wp-json\/wp\/v2\/posts"}],"about":[{"href":"https:\/\/manosvisibles.org\/en\/wp-json\/wp\/v2\/types\/post"}],"author":[{"embeddable":true,"href":"https:\/\/manosvisibles.org\/en\/wp-json\/wp\/v2\/users\/1"}],"replies":[{"embeddable":true,"href":"https:\/\/manosvisibles.org\/en\/wp-json\/wp\/v2\/comments?post=3132"}],"version-history":[{"count":4,"href":"https:\/\/manosvisibles.org\/en\/wp-json\/wp\/v2\/posts\/3132\/revisions"}],"predecessor-version":[{"id":3145,"href":"https:\/\/manosvisibles.org\/en\/wp-json\/wp\/v2\/posts\/3132\/revisions\/3145"}],"wp:featuredmedia":[{"embeddable":true,"href":"https:\/\/manosvisibles.org\/en\/wp-json\/wp\/v2\/media\/3143"}],"wp:attachment":[{"href":"https:\/\/manosvisibles.org\/en\/wp-json\/wp\/v2\/media?parent=3132"}],"wp:term":[{"taxonomy":"category","embeddable":true,"href":"https:\/\/manosvisibles.org\/en\/wp-json\/wp\/v2\/categories?post=3132"},{"taxonomy":"post_tag","embeddable":true,"href":"https:\/\/manosvisibles.org\/en\/wp-json\/wp\/v2\/tags?post=3132"}],"curies":[{"name":"wp","href":"https:\/\/api.w.org\/{rel}","templated":true}]}}