{"id":2900,"date":"2023-10-26T10:32:00","date_gmt":"2023-10-26T15:32:00","guid":{"rendered":"https:\/\/manosvisibles.org\/?p=2900"},"modified":"2023-11-10T10:00:16","modified_gmt":"2023-11-10T15:00:16","slug":"pacifico-master-beat","status":"publish","type":"post","link":"https:\/\/manosvisibles.org\/en\/noticias\/pacifico-master-beat\/","title":{"rendered":"Pac\u00edfico Master Beat\u00a0Dos a\u00f1os construyendo equidad racial y de g\u00e9nero a trav\u00e9s del poder sonoro"},"content":{"rendered":"<p>En estos dos a\u00f1os con nuestra estrategia Pac\u00edfico Master Beat, hemos fortalecido una masa cr\u00edtica de liderazgos musicales para la equidad racial, de g\u00e9nero y territorial, promoviendo narrativas desde una voz y mirada propia.<\/p>\n\n\n\n<p>Esta estrategia ha sido posible gracias al apoyo del Fondo de Justicia Social de The Warner Music Group\/ Blavatnik Family, al ser Manos Visibles uno de los dos donatarios de este fondo para Sur Am\u00e9rica, logrando impactar el ecosistema musical de Colombia.<\/p>\n\n\n\n<figure class=\"wp-block-image size-large is-resized\"><img decoding=\"async\" width=\"1024\" height=\"685\" src=\"https:\/\/manosvisibles.org\/wp-content\/uploads\/2023\/10\/master-beat-01-1024x685.jpg\" alt=\"\" class=\"wp-image-2990\" style=\"aspect-ratio:1.494890510948905;width:823px;height:auto\" srcset=\"https:\/\/manosvisibles.org\/wp-content\/uploads\/2023\/10\/master-beat-01-1024x685.jpg 1024w, https:\/\/manosvisibles.org\/wp-content\/uploads\/2023\/10\/master-beat-01-980x655.jpg 980w, https:\/\/manosvisibles.org\/wp-content\/uploads\/2023\/10\/master-beat-01-480x321.jpg 480w\" sizes=\"(min-width: 0px) and (max-width: 480px) 480px, (min-width: 481px) and (max-width: 980px) 980px, (min-width: 981px) 1024px, 100vw\" \/><\/figure>\n\n\n\n<h2 class=\"wp-block-heading\">Juntos logramos<\/h2>\n\n\n\n<p><strong>ESCUELA PAC\u00cdFICO MASTER BEAT<\/strong><br>Primera escuela de producci\u00f3n musical del Pac\u00edfico colombiano<br>Una generaci\u00f3n de artistas que incidir\u00e1 en la escena art\u00edstica de nuestro pa\u00eds, este a\u00f1o logramos:<\/p>\n\n\n\n<p><strong>1 \u00c1lbum Pac\u00edfico Master Beat<\/strong><\/p>\n\n\n\n<p>Nuestra m\u00fasica \u00fanica es el resultado de una h\u00e1bil combinaci\u00f3n de diferentes instrumentos y sonidos, que encarnan la esencia de este rinc\u00f3n de Colombia, este es el resultado de una fusi\u00f3n de sonidos tradicionales y urbanos que crea &#8220;Nuestro Beat&#8221;, una mezcla de diferentes sonoridades del Pac\u00edfico.<\/p>\n\n\n\n<p><em>La m\u00fasica conecta, reconoce y mueve a la di\u00e1spora africana.<\/em><\/p>\n\n\n\n<figure class=\"wp-block-embed is-type-rich is-provider-spotify wp-block-embed-spotify wp-embed-aspect-21-9 wp-has-aspect-ratio\"><div class=\"wp-block-embed__wrapper\">\n<iframe title=\"Spotify Embed: Album Pac\u00edfico Master Beat\" style=\"border-radius: 12px\" width=\"100%\" height=\"352\" frameborder=\"0\" allowfullscreen allow=\"autoplay; clipboard-write; encrypted-media; fullscreen; picture-in-picture\" loading=\"lazy\" src=\"https:\/\/open.spotify.com\/embed\/album\/10rj7tYmZ5vrKy08qnaCWx?si=kgxQAELWT_q2mLl6MY1QxA&#038;utm_source=oembed\"><\/iframe>\n<\/div><\/figure>\n\n\n\n<figure class=\"wp-block-gallery has-nested-images columns-default is-cropped wp-block-gallery-1 is-layout-flex wp-block-gallery-is-layout-flex\">\n<figure class=\"wp-block-image size-large\"><img decoding=\"async\" width=\"1024\" height=\"616\" data-id=\"2993\" src=\"https:\/\/manosvisibles.org\/wp-content\/uploads\/2023\/10\/master-beat-03-1024x616.jpg\" alt=\"\" class=\"wp-image-2993\" srcset=\"https:\/\/manosvisibles.org\/wp-content\/uploads\/2023\/10\/master-beat-03-980x589.jpg 980w, https:\/\/manosvisibles.org\/wp-content\/uploads\/2023\/10\/master-beat-03-480x289.jpg 480w\" sizes=\"(min-width: 0px) and (max-width: 480px) 480px, (min-width: 481px) and (max-width: 980px) 980px, (min-width: 981px) 1024px, 100vw\" \/><\/figure>\n\n\n\n<figure class=\"wp-block-image size-large\"><img decoding=\"async\" width=\"1024\" height=\"682\" data-id=\"2991\" src=\"https:\/\/manosvisibles.org\/wp-content\/uploads\/2023\/10\/master-beat-02-1024x682.jpg\" alt=\"\" class=\"wp-image-2991\" srcset=\"https:\/\/manosvisibles.org\/wp-content\/uploads\/2023\/10\/master-beat-02-980x653.jpg 980w, https:\/\/manosvisibles.org\/wp-content\/uploads\/2023\/10\/master-beat-02-480x320.jpg 480w\" sizes=\"(min-width: 0px) and (max-width: 480px) 480px, (min-width: 481px) and (max-width: 980px) 980px, (min-width: 981px) 1024px, 100vw\" \/><\/figure>\n<\/figure>\n\n\n\n<h2 class=\"wp-block-heading\"><strong>SERIE WEB&nbsp;<\/strong><\/h2>\n\n\n\n<p><strong>Pac\u00edfico Master Beat<\/strong><\/p>\n\n\n\n<p>Este a\u00f1o lanzamos la serie web Pac\u00edfico Master Beat, un espacio para visibilizar el proceso de empoderamiento de liderazgos musicales y la participaci\u00f3n de destacados tutores, quienes hicieron parte de la escuela.<\/p>\n\n\n\n<figure class=\"wp-block-embed is-type-video is-provider-youtube wp-block-embed-youtube wp-embed-aspect-16-9 wp-has-aspect-ratio\"><div class=\"wp-block-embed__wrapper\">\n<iframe title=\"Serie Pac\u00edfico Master Beat- Constantino Herrera\" width=\"1080\" height=\"608\" src=\"https:\/\/www.youtube.com\/embed\/iCURqm2IPqY?list=PLnNy3rtjkeLrKl9buQNgvM90v1XUTMahs\"  allow=\"accelerometer; autoplay; clipboard-write; encrypted-media; gyroscope; picture-in-picture; web-share\" allowfullscreen><\/iframe>\n<\/div><\/figure>\n\n\n\n<p><strong>MUY PRONTO EN NOVIEMBRE&nbsp;<\/strong><\/p>\n\n\n\n<p><strong>Pac\u00edfico Master Beat presente en Circulart<\/strong><\/p>\n\n\n\n<p>11 participantes de nuestra escuela,&nbsp; tendr\u00e1n acceso a la programaci\u00f3n acad\u00e9mica y Showcase de la catorceava edici\u00f3n de CIRCULART, uno de los mercados musicales y culturales m\u00e1s importantes de Latinoam\u00e9rica.<\/p>\n\n\n\n<figure class=\"wp-block-image size-full\"><img decoding=\"async\" width=\"900\" height=\"245\" src=\"https:\/\/manosvisibles.org\/wp-content\/uploads\/2023\/10\/master-beat-04.jpg\" alt=\"\" class=\"wp-image-2995\" srcset=\"https:\/\/manosvisibles.org\/wp-content\/uploads\/2023\/10\/master-beat-04.jpg 900w, https:\/\/manosvisibles.org\/wp-content\/uploads\/2023\/10\/master-beat-04-480x131.jpg 480w\" sizes=\"(min-width: 0px) and (max-width: 480px) 480px, (min-width: 481px) 900px, 100vw\" \/><\/figure>\n\n\n\n<p><strong>ESTUDIOS PAC\u00cdFICO MASTER BEAT<\/strong><\/p>\n\n\n\n<p>Fortalecimos y dotamos los estudios de Semblanzas del R\u00edo Guapi y Fundaci\u00f3n Bejuco, destacadas organizaciones musicales de Guapi y Tumaco buscando que esta regi\u00f3n tenga la infraestructura necesaria no solo para crear, sino producir m\u00fasica desde el territorio<\/p>\n\n\n\n<figure class=\"wp-block-embed is-type-video is-provider-youtube wp-block-embed-youtube wp-embed-aspect-16-9 wp-has-aspect-ratio\"><div class=\"wp-block-embed__wrapper\">\n<iframe title=\"Serie Pac\u00edfico Master Beat- Fundaci\u00f3n Bejuco\" width=\"1080\" height=\"608\" src=\"https:\/\/www.youtube.com\/embed\/E8iwJaJYcFs?feature=oembed\"  allow=\"accelerometer; autoplay; clipboard-write; encrypted-media; gyroscope; picture-in-picture; web-share\" allowfullscreen><\/iframe>\n<\/div><\/figure>\n\n\n\n<h2 class=\"wp-block-heading\"><strong>PLU CON PLA<\/strong><\/h2>\n\n\n\n<p><strong>De Tumaco para el mundo<\/strong><\/p>\n\n\n\n<p>Desde el 2019 hemos acompa\u00f1ado y potenciado a Plu Con Pla, una agrupaci\u00f3n tumaque\u00f1a que a trav\u00e9s de la m\u00fasica construye narrativas de cambio. En el 2022 apoyamos a la producci\u00f3n del disco Pura Actitud, los videos musicales y el documental, les brindamos asesor\u00eda especializada y capacitaci\u00f3n en gesti\u00f3n.<\/p>\n\n\n\n<p>Te invitamos a escuchar el playlist del \u00e1lbum, s\u00edmbolo de la renovaci\u00f3n musical del Pac\u00edfico<\/p>\n\n\n\n<p>Playlist Plu Con Pla Pura Actitud<br>El \u00e1lbum Pura Actitud, re\u00fane nueve canciones inspiradas en las vivencias de su poblaci\u00f3n y los sonidos de los territorios m\u00e1s alejados y olvidados del pa\u00eds.<\/p>\n\n\n\n<figure class=\"wp-block-embed is-type-rich is-provider-spotify wp-block-embed-spotify wp-embed-aspect-21-9 wp-has-aspect-ratio\"><div class=\"wp-block-embed__wrapper\">\n<iframe title=\"Spotify Embed: Pura Actitud\" style=\"border-radius: 12px\" width=\"100%\" height=\"352\" frameborder=\"0\" allowfullscreen allow=\"autoplay; clipboard-write; encrypted-media; fullscreen; picture-in-picture\" loading=\"lazy\" src=\"https:\/\/open.spotify.com\/embed\/album\/3iLAXTkhcvQxbAv02GAMFh?si=XZRoLtgoQ1y2pfkJDtIJpQ&#038;utm_source=oembed\"><\/iframe>\n<\/div><\/figure>\n\n\n\n<figure class=\"wp-block-image size-full is-resized\"><img decoding=\"async\" width=\"900\" height=\"675\" src=\"https:\/\/manosvisibles.org\/wp-content\/uploads\/2023\/10\/master-beat-05.jpg\" alt=\"\" class=\"wp-image-3000\" style=\"aspect-ratio:1.3333333333333333;width:823px;height:auto\" srcset=\"https:\/\/manosvisibles.org\/wp-content\/uploads\/2023\/10\/master-beat-05.jpg 900w, https:\/\/manosvisibles.org\/wp-content\/uploads\/2023\/10\/master-beat-05-480x360.jpg 480w\" sizes=\"(min-width: 0px) and (max-width: 480px) 480px, (min-width: 481px) 900px, 100vw\" \/><\/figure>\n\n\n\n<p>Recordamos la firma de Plu con Pla en su primer contrato con ADA Latin &#8211; WMG, la compa\u00f1\u00eda de distribuci\u00f3n digital independiente de Warner Music Group, una de las m\u00e1s importantes del sector, este contrato les permiti\u00f3 cruzar fronteras con el poder de la m\u00fasica.<\/p>","protected":false},"excerpt":{"rendered":"<p>En estos dos a\u00f1os con nuestra estrategia Pac\u00edfico Master Beat, hemos fortalecido una masa cr\u00edtica de liderazgos musicales para la equidad racial, de g\u00e9nero y territorial, promoviendo narrativas desde una voz y mirada propia. Esta estrategia ha sido posible gracias al apoyo del Fondo de Justicia Social de The Warner Music Group\/ Blavatnik Family, al [&hellip;]<\/p>\n","protected":false},"author":1,"featured_media":3002,"comment_status":"open","ping_status":"open","sticky":false,"template":"","format":"standard","meta":{"_acf_changed":false,"_et_pb_use_builder":"","_et_pb_old_content":"","_et_gb_content_width":"","inline_featured_image":false,"footnotes":""},"categories":[48],"tags":[52],"class_list":["post-2900","post","type-post","status-publish","format-standard","has-post-thumbnail","hentry","category-noticias","tag-noticias-columna"],"acf":[],"_links":{"self":[{"href":"https:\/\/manosvisibles.org\/en\/wp-json\/wp\/v2\/posts\/2900","targetHints":{"allow":["GET"]}}],"collection":[{"href":"https:\/\/manosvisibles.org\/en\/wp-json\/wp\/v2\/posts"}],"about":[{"href":"https:\/\/manosvisibles.org\/en\/wp-json\/wp\/v2\/types\/post"}],"author":[{"embeddable":true,"href":"https:\/\/manosvisibles.org\/en\/wp-json\/wp\/v2\/users\/1"}],"replies":[{"embeddable":true,"href":"https:\/\/manosvisibles.org\/en\/wp-json\/wp\/v2\/comments?post=2900"}],"version-history":[{"count":7,"href":"https:\/\/manosvisibles.org\/en\/wp-json\/wp\/v2\/posts\/2900\/revisions"}],"predecessor-version":[{"id":3082,"href":"https:\/\/manosvisibles.org\/en\/wp-json\/wp\/v2\/posts\/2900\/revisions\/3082"}],"wp:featuredmedia":[{"embeddable":true,"href":"https:\/\/manosvisibles.org\/en\/wp-json\/wp\/v2\/media\/3002"}],"wp:attachment":[{"href":"https:\/\/manosvisibles.org\/en\/wp-json\/wp\/v2\/media?parent=2900"}],"wp:term":[{"taxonomy":"category","embeddable":true,"href":"https:\/\/manosvisibles.org\/en\/wp-json\/wp\/v2\/categories?post=2900"},{"taxonomy":"post_tag","embeddable":true,"href":"https:\/\/manosvisibles.org\/en\/wp-json\/wp\/v2\/tags?post=2900"}],"curies":[{"name":"wp","href":"https:\/\/api.w.org\/{rel}","templated":true}]}}